{"id":12041,"date":"2025-11-07T12:05:16","date_gmt":"2025-11-07T12:05:16","guid":{"rendered":"https:\/\/ej-group.eu\/?p=12041"},"modified":"2026-03-12T08:34:33","modified_gmt":"2026-03-12T08:34:33","slug":"formation-en-alternance-lalliance-de-la-tradition-de-linnovation-et-de-lavenir-des-jeunes-talents","status":"publish","type":"post","link":"https:\/\/ej-group.com\/fr\/blog\/formation-en-alternance-lalliance-de-la-tradition-de-linnovation-et-de-lavenir-des-jeunes-talents\/","title":{"rendered":"Formation en alternance \u2013 l\u2019alliance de la tradition, de l\u2019innovation et de l\u2019avenir des jeunes talents"},"content":{"rendered":"<div data-elementor-type=\"wp-post\" data-elementor-id=\"12041\" class=\"elementor elementor-12041\">\n\t\t\t\t<div class=\"elementor-element elementor-element-7237f74 e-flex e-con-boxed e-con e-parent\" data-id=\"7237f74\" data-element_type=\"container\" data-e-type=\"container\">\n\t\t\t\t\t<div class=\"e-con-inner\">\n\t\t \t\t<div class=\"elementor-element elementor-element-d9bea15 elementor-widget elementor-widget-text-editor\" data-id=\"d9bea15\" data-element_type=\"widget\" data-e-type=\"widget\" data-widget_type=\"text-editor.default\">\n\t\t\t\t<div class=\"elementor-widget-container\">\n\t\t\t\t\t\t\t\t\t<p style=\"margin: 0cm; text-align: justify;\"><span style=\"font-size: 11.0pt; font-family: 'Arial',sans-serif;\">Pour la deuxi\u00e8me ann\u00e9e cons\u00e9cutive, Enterijer Jankovi\u0107 participe activement au programme de formation en alternance et accueille cette ann\u00e9e 14 apprenants. Ces derni\u00e8res ann\u00e9es, notre entreprise a orient\u00e9 sa strat\u00e9gie vers l\u2019attraction de jeunes talents et de professionnels prometteurs, avec une mission claire : faire le lien entre l\u2019h\u00e9ritage du savoir-faire artisanal et les avanc\u00e9es technologiques contemporaines, en offrant aux jeunes l\u2019opportunit\u00e9 de d\u00e9couvrir, \u00e0 travers la pratique et le travail concret, l\u2019ensemble du processus de cr\u00e9ation d\u2019int\u00e9rieurs haut de gamme.<\/span><\/p><p style=\"margin: 0cm; text-align: justify;\"><span style=\"font-size: 11.0pt; font-family: 'Arial',sans-serif;\"><br \/>La formation en alternance n\u2019est pas seulement une m\u00e9thode d\u2019apprentissage, mais un v\u00e9ritable parcours de d\u00e9veloppement professionnel. Elle permet aux jeunes, d\u00e8s le d\u00e9but de leur carri\u00e8re, d\u2019acqu\u00e9rir des connaissances et des comp\u00e9tences qui les rendent comp\u00e9titifs sur le march\u00e9 du travail. <\/span><\/p><p style=\"margin: 0cm; text-align: justify;\"><span style=\"font-size: 11.0pt; font-family: 'Arial',sans-serif;\"><br \/>\u00c0 une \u00e9poque o\u00f9 la technologie \u00e9volue plus rapidement que jamais et o\u00f9 les industries se transforment presque quotidiennement, il est essentiel que les lyc\u00e9ens et les \u00e9tudiants puissent, d\u00e8s les premi\u00e8res ann\u00e9es de leur formation, exp\u00e9rimenter le rythme et la dynamique d\u2019un environnement professionnel r\u00e9el.<\/span><\/p>\t\t\t\t\t\t\t\t<\/div>\n\t\t\t\t<\/div>\n\t\t\t\t\t<\/div>\n\t\t\t\t<\/div>\n\t\t<div class=\"elementor-element elementor-element-d8a6fb6 e-flex e-con-boxed e-con e-parent\" data-id=\"d8a6fb6\" data-element_type=\"container\" data-e-type=\"container\">\n\t\t\t\t\t<div class=\"e-con-inner\">\n\t\t<div class=\"elementor-element elementor-element-77d02dc e-con-full e-flex e-con e-child\" data-id=\"77d02dc\" data-element_type=\"container\" data-e-type=\"container\">\n\t\t\t\t<div class=\"elementor-element elementor-element-7014fe1 elementor-widget elementor-widget-heading\" data-id=\"7014fe1\" data-element_type=\"widget\" data-e-type=\"widget\" data-widget_type=\"heading.default\">\n\t\t\t\t<div class=\"elementor-widget-container\">\n\t\t\t\t\t<h5 class=\"elementor-heading-title elementor-size-default\">Pourquoi le d\u00e9but est-il d\u00e9terminant ?<\/h5>\t\t\t\t<\/div>\n\t\t\t\t<\/div>\n\t\t\t\t<div class=\"elementor-element elementor-element-01cda3e elementor-widget elementor-widget-text-editor\" data-id=\"01cda3e\" data-element_type=\"widget\" data-e-type=\"widget\" data-widget_type=\"text-editor.default\">\n\t\t\t\t<div class=\"elementor-widget-container\">\n\t\t\t\t\t\t\t\t\t<p>Les ann\u00e9es de lyc\u00e9e et le d\u00e9but des \u00e9tudes universitaires constituent une p\u00e9riode cl\u00e9 du d\u00e9veloppement professionnel. C\u2019est \u00e0 ce moment-l\u00e0 que se forgent les habitudes de travail, que se d\u00e9veloppent les comp\u00e9tences personnelles et professionnelles, et que se dessine une vision claire de l\u2019orientation future.\nGr\u00e2ce \u00e0 la formation en alternance, les apprenants ont l\u2019opportunit\u00e9 de relier les connaissances th\u00e9oriques acquises en classe \u00e0 une exp\u00e9rience pratique concr\u00e8te, au c\u0153ur des processus de production.<\/p><p>Ce contact direct avec le monde du travail leur permet non seulement de ma\u00eetriser plus rapidement les techniques, mais aussi de d\u00e9velopper des comp\u00e9tences essentielles telles que le travail en \u00e9quipe, la communication et la r\u00e9solution de probl\u00e8mes \u2014 des piliers de toute carri\u00e8re r\u00e9ussie.<\/p>\t\t\t\t\t\t\t\t<\/div>\n\t\t\t\t<\/div>\n\t\t\t\t<\/div>\n\t\t\t\t<div class=\"elementor-element elementor-element-9a849df elementor-widget elementor-widget-image\" data-id=\"9a849df\" data-element_type=\"widget\" data-e-type=\"widget\" data-widget_type=\"image.default\">\n\t\t\t\t<div class=\"elementor-widget-container\">\n\t\t\t\t\t\t\t\t\t\t\t\t\t\t\t<img fetchpriority=\"high\" decoding=\"async\" width=\"980\" height=\"654\" src=\"https:\/\/ej-group.com\/wp-content\/uploads\/2025\/11\/Dualno-obrazovanje-3-1024x683.webp\" class=\"attachment-large size-large wp-image-12010\" alt=\"Ucenik na praksi obrade drveta\" srcset=\"https:\/\/ej-group.com\/wp-content\/uploads\/2025\/11\/Dualno-obrazovanje-3-1024x683.webp 1024w, https:\/\/ej-group.com\/wp-content\/uploads\/2025\/11\/Dualno-obrazovanje-3-300x200.webp 300w, https:\/\/ej-group.com\/wp-content\/uploads\/2025\/11\/Dualno-obrazovanje-3-768x512.webp 768w, https:\/\/ej-group.com\/wp-content\/uploads\/2025\/11\/Dualno-obrazovanje-3-18x12.webp 18w, https:\/\/ej-group.com\/wp-content\/uploads\/2025\/11\/Dualno-obrazovanje-3-750x500.webp 750w, https:\/\/ej-group.com\/wp-content\/uploads\/2025\/11\/Dualno-obrazovanje-3.webp 1200w\" sizes=\"(max-width: 980px) 100vw, 980px\" \/>\t\t\t\t\t\t\t\t\t\t\t\t\t\t\t<\/div>\n\t\t\t\t<\/div>\n\t\t\t\t\t<\/div>\n\t\t\t\t<\/div>\n\t\t<div class=\"elementor-element elementor-element-19a3219 e-flex e-con-boxed e-con e-parent\" data-id=\"19a3219\" data-element_type=\"container\" data-e-type=\"container\">\n\t\t\t\t\t<div class=\"e-con-inner\">\n\t\t\t\t<div class=\"elementor-element elementor-element-2b82885 elementor-widget elementor-widget-heading\" data-id=\"2b82885\" data-element_type=\"widget\" data-e-type=\"widget\" data-widget_type=\"heading.default\">\n\t\t\t\t<div class=\"elementor-widget-container\">\n\t\t\t\t\t<h5 class=\"elementor-heading-title elementor-size-default\">Investir du temps dans la jeunesse, c\u2019est investir dans l\u2019avenir<\/h5>\t\t\t\t<\/div>\n\t\t\t\t<\/div>\n\t\t\t\t<div class=\"elementor-element elementor-element-96c7baf elementor-widget elementor-widget-text-editor\" data-id=\"96c7baf\" data-element_type=\"widget\" data-e-type=\"widget\" data-widget_type=\"text-editor.default\">\n\t\t\t\t<div class=\"elementor-widget-container\">\n\t\t\t\t\t\t\t\t\t<p style=\"margin: 0cm; text-align: justify;\"><span style=\"font-size: 11.0pt; font-family: 'Arial',sans-serif;\">Chez Enterijer Jankovi\u0107, nous sommes convaincus que le temps consacr\u00e9 \u00e0 la formation des jeunes repr\u00e9sente l\u2019un des investissements les plus pr\u00e9cieux qu\u2019une entreprise puisse r\u00e9aliser.\nCe n\u2019est qu\u2019\u00e0 travers un accompagnement patient, une transmission claire de chaque \u00e9tape et la possibilit\u00e9 de participer activement aux projets que les jeunes peuvent r\u00e9ellement comprendre l\u2019essence du m\u00e9tier.<br \/><br \/><\/span><\/p><p style=\"margin: 0cm; text-align: justify;\"><span style=\"font-size: 11.0pt; font-family: 'Arial',sans-serif;\">Ce qu\u2019ils acqui\u00e8rent ne se limite pas \u00e0 des comp\u00e9tences techniques : ils d\u00e9veloppent \u00e9galement un sens des responsabilit\u00e9s, une fiert\u00e9 professionnelle et une compr\u00e9hension profonde de l\u2019importance de la qualit\u00e9 dans chaque aspect du travail.<\/span><\/p>\t\t\t\t\t\t\t\t<\/div>\n\t\t\t\t<\/div>\n\t\t\t\t\t<\/div>\n\t\t\t\t<\/div>\n\t\t<div class=\"elementor-element elementor-element-344b42e e-flex e-con-boxed e-con e-parent\" data-id=\"344b42e\" data-element_type=\"container\" data-e-type=\"container\">\n\t\t\t\t\t<div class=\"e-con-inner\">\n\t\t<div class=\"elementor-element elementor-element-4baac89 e-con-full e-flex e-con e-child\" data-id=\"4baac89\" data-element_type=\"container\" data-e-type=\"container\">\n\t\t\t\t<div class=\"elementor-element elementor-element-53d14a7 elementor-widget elementor-widget-heading\" data-id=\"53d14a7\" data-element_type=\"widget\" data-e-type=\"widget\" data-widget_type=\"heading.default\">\n\t\t\t\t<div class=\"elementor-widget-container\">\n\t\t\t\t\t<h5 class=\"elementor-heading-title elementor-size-default\">Transmission du savoir \u2013 un pont entre les g\u00e9n\u00e9rations<\/h5>\t\t\t\t<\/div>\n\t\t\t\t<\/div>\n\t\t\t\t<div class=\"elementor-element elementor-element-dca1946 elementor-widget elementor-widget-text-editor\" data-id=\"dca1946\" data-element_type=\"widget\" data-e-type=\"widget\" data-widget_type=\"text-editor.default\">\n\t\t\t\t<div class=\"elementor-widget-container\">\n\t\t\t\t\t\t\t\t\t<p>Les m\u00e9tiers artisanaux traditionnels, tels que le travail du bois, reposent sur un h\u00e9ritage riche et des comp\u00e9tences sp\u00e9cifiques qui ne peuvent \u00eatre pleinement assimil\u00e9es \u00e0 travers les livres ou les manuels. Elles se transmettent de g\u00e9n\u00e9ration en g\u00e9n\u00e9ration \u2014 par la pratique, l\u2019exemple et le partage d\u2019exp\u00e9rience des ma\u00eetres artisans.\nCette transmission du savoir poss\u00e8de une valeur inestimable : elle pr\u00e9serve l\u2019identit\u00e9 du m\u00e9tier, maintient des standards de qualit\u00e9 \u00e9lev\u00e9s et garantit la continuit\u00e9 des connaissances.<\/p><p>Parall\u00e8lement, les jeunes apportent une \u00e9nergie nouvelle, des id\u00e9es fra\u00eeches et des approches contemporaines, inspirant souvent leurs coll\u00e8gues plus exp\u00e9riment\u00e9s \u00e0 s\u2019ouvrir \u00e0 l\u2019innovation et aux technologies modernes. Il en r\u00e9sulte une synergie naturelle entre tradition et innovation.<\/p>\t\t\t\t\t\t\t\t<\/div>\n\t\t\t\t<\/div>\n\t\t\t\t<\/div>\n\t\t\t\t<div class=\"elementor-element elementor-element-a02beb4 elementor-widget elementor-widget-image\" data-id=\"a02beb4\" data-element_type=\"widget\" data-e-type=\"widget\" data-widget_type=\"image.default\">\n\t\t\t\t<div class=\"elementor-widget-container\">\n\t\t\t\t\t\t\t\t\t\t\t\t\t\t\t<img decoding=\"async\" width=\"980\" height=\"654\" src=\"https:\/\/ej-group.com\/wp-content\/uploads\/2025\/11\/Dualno-obrazovnje-5-1024x683.webp\" class=\"attachment-large size-large wp-image-12328\" alt=\"Radnik na proizvodnji kompanije Enterijer Jankovic Novi Sad\" srcset=\"https:\/\/ej-group.com\/wp-content\/uploads\/2025\/11\/Dualno-obrazovnje-5-1024x683.webp 1024w, https:\/\/ej-group.com\/wp-content\/uploads\/2025\/11\/Dualno-obrazovnje-5-300x200.webp 300w, https:\/\/ej-group.com\/wp-content\/uploads\/2025\/11\/Dualno-obrazovnje-5-768x512.webp 768w, https:\/\/ej-group.com\/wp-content\/uploads\/2025\/11\/Dualno-obrazovnje-5-18x12.webp 18w, https:\/\/ej-group.com\/wp-content\/uploads\/2025\/11\/Dualno-obrazovnje-5-750x500.webp 750w, https:\/\/ej-group.com\/wp-content\/uploads\/2025\/11\/Dualno-obrazovnje-5.webp 1200w\" sizes=\"(max-width: 980px) 100vw, 980px\" \/>\t\t\t\t\t\t\t\t\t\t\t\t\t\t\t<\/div>\n\t\t\t\t<\/div>\n\t\t\t\t\t<\/div>\n\t\t\t\t<\/div>\n\t\t<div class=\"elementor-element elementor-element-61e8230 e-flex e-con-boxed e-con e-parent\" data-id=\"61e8230\" data-element_type=\"container\" data-e-type=\"container\">\n\t\t\t\t\t<div class=\"e-con-inner\">\n\t\t\t\t<div class=\"elementor-element elementor-element-0505714 elementor-widget elementor-widget-heading\" data-id=\"0505714\" data-element_type=\"widget\" data-e-type=\"widget\" data-widget_type=\"heading.default\">\n\t\t\t\t<div class=\"elementor-widget-container\">\n\t\t\t\t\t<h5 class=\"elementor-heading-title elementor-size-default\">La technologie, alli\u00e9e du savoir-faire<\/h5>\t\t\t\t<\/div>\n\t\t\t\t<\/div>\n\t\t\t\t<div class=\"elementor-element elementor-element-71ed6c2 elementor-widget elementor-widget-text-editor\" data-id=\"71ed6c2\" data-element_type=\"widget\" data-e-type=\"widget\" data-widget_type=\"text-editor.default\">\n\t\t\t\t<div class=\"elementor-widget-container\">\n\t\t\t\t\t\t\t\t\t<p style=\"margin: 0cm; text-align: justify;\"><span style=\"font-size: 11.0pt; font-family: 'Arial',sans-serif;\">Dans l\u2019industrie contemporaine de l\u2019am\u00e9nagement int\u00e9rieur, les machines de pointe et les solutions logicielles permettent une pr\u00e9cision, une efficacit\u00e9 et une complexit\u00e9 de formes autrefois inimaginables.\nCependant, la technologie seule ne suffit pas : elle requiert des professionnels qualifi\u00e9s et motiv\u00e9s, capables de l\u2019utiliser avec discernement, en combinant la pr\u00e9cision m\u00e9canique avec la vision artistique et le savoir-faire artisanal.<br \/><br \/><\/span><\/p><p style=\"margin: 0cm; text-align: justify;\"><span style=\"font-size: 11.0pt; font-family: 'Arial',sans-serif;\">Le r\u00f4le de la formation en alternance est donc double : non seulement familiariser les jeunes avec les outils et technologies modernes, mais aussi leur apprendre \u00e0 les int\u00e9grer harmonieusement dans le processus artisanal, sans en alt\u00e9rer l\u2019\u00e2me ni l\u2019authenticit\u00e9.<\/span><\/p>\t\t\t\t\t\t\t\t<\/div>\n\t\t\t\t<\/div>\n\t\t\t\t\t<\/div>\n\t\t\t\t<\/div>\n\t\t<div class=\"elementor-element elementor-element-d19cc72 e-flex e-con-boxed e-con e-parent\" data-id=\"d19cc72\" data-element_type=\"container\" data-e-type=\"container\">\n\t\t\t\t\t<div class=\"e-con-inner\">\n\t\t<div class=\"elementor-element elementor-element-5feab28 e-con-full e-flex e-con e-child\" data-id=\"5feab28\" data-element_type=\"container\" data-e-type=\"container\">\n\t\t\t\t<div class=\"elementor-element elementor-element-e4794ad elementor-widget elementor-widget-heading\" data-id=\"e4794ad\" data-element_type=\"widget\" data-e-type=\"widget\" data-widget_type=\"heading.default\">\n\t\t\t\t<div class=\"elementor-widget-container\">\n\t\t\t\t\t<h5 class=\"elementor-heading-title elementor-size-default\">L\u2019avenir commence aujourd\u2019hui<\/h5>\t\t\t\t<\/div>\n\t\t\t\t<\/div>\n\t\t\t\t<div class=\"elementor-element elementor-element-9c6c484 elementor-widget elementor-widget-text-editor\" data-id=\"9c6c484\" data-element_type=\"widget\" data-e-type=\"widget\" data-widget_type=\"text-editor.default\">\n\t\t\t\t<div class=\"elementor-widget-container\">\n\t\t\t\t\t\t\t\t\t<p style=\"margin: 0cm; text-align: justify;\"><span style=\"font-size: 11.0pt; font-family: 'Arial',sans-serif;\">Pour Enterijer Jankovi\u0107, participer \u00e0 la formation en double cursus va bien au-del\u00e0 de la simple formation des \u00e9tudiants \u2014 cela signifie jeter les bases de l\u2019avenir de notre entreprise et de toute l\u2019industrie.\nChaque \u00e9tudiant qui p\u00e9n\u00e8tre dans nos ateliers et nos halls de production devient partie prenante d\u2019une histoire plus grande \u2014 une histoire qui consiste \u00e0 pr\u00e9server l\u2019artisanat, \u00e0 adopter l\u2019innovation et \u00e0 cr\u00e9er des int\u00e9rieurs qui allient tradition et modernit\u00e9.<br \/><br \/><\/span><\/p><p style=\"margin: 0cm; text-align: justify;\"><em><strong><span style=\"font-size: 11.0pt; font-family: 'Arial',sans-serif;\">En investissant dans la jeunesse, nous investissons dans la stabilit\u00e9, la qualit\u00e9 et le d\u00e9veloppement durable.\nCar ceux qui apprennent aujourd\u2019hui seront ceux qui cr\u00e9eront demain. <\/span><\/strong><\/em><\/p>\t\t\t\t\t\t\t\t<\/div>\n\t\t\t\t<\/div>\n\t\t\t\t<\/div>\n\t\t\t\t<div class=\"elementor-element elementor-element-b462cf9 elementor-widget elementor-widget-image\" data-id=\"b462cf9\" data-element_type=\"widget\" data-e-type=\"widget\" data-widget_type=\"image.default\">\n\t\t\t\t<div class=\"elementor-widget-container\">\n\t\t\t\t\t\t\t\t\t\t\t\t\t\t\t<img decoding=\"async\" width=\"980\" height=\"632\" src=\"https:\/\/ej-group.com\/wp-content\/uploads\/2025\/11\/Dualno-obrazovanje-2-1024x660.webp\" class=\"attachment-large size-large wp-image-12009\" alt=\"\" srcset=\"https:\/\/ej-group.com\/wp-content\/uploads\/2025\/11\/Dualno-obrazovanje-2-1024x660.webp 1024w, https:\/\/ej-group.com\/wp-content\/uploads\/2025\/11\/Dualno-obrazovanje-2-300x193.webp 300w, https:\/\/ej-group.com\/wp-content\/uploads\/2025\/11\/Dualno-obrazovanje-2-768x495.webp 768w, https:\/\/ej-group.com\/wp-content\/uploads\/2025\/11\/Dualno-obrazovanje-2-18x12.webp 18w, https:\/\/ej-group.com\/wp-content\/uploads\/2025\/11\/Dualno-obrazovanje-2-770x496.webp 770w, https:\/\/ej-group.com\/wp-content\/uploads\/2025\/11\/Dualno-obrazovanje-2.webp 1200w\" sizes=\"(max-width: 980px) 100vw, 980px\" \/>\t\t\t\t\t\t\t\t\t\t\t\t\t\t\t<\/div>\n\t\t\t\t<\/div>\n\t\t\t\t\t<\/div>\n\t\t\t\t<\/div>\n\t\t\t\t<\/div>","protected":false},"excerpt":{"rendered":"<p>&#8212;<\/p>","protected":false},"author":2,"featured_media":12008,"comment_status":"closed","ping_status":"open","sticky":false,"template":"","format":"standard","meta":{"footnotes":""},"categories":[48],"tags":[],"class_list":["post-12041","post","type-post","status-publish","format-standard","has-post-thumbnail","hentry","category-dualno-obrazovanje"],"_links":{"self":[{"href":"https:\/\/ej-group.com\/fr\/wp-json\/wp\/v2\/posts\/12041","targetHints":{"allow":["GET"]}}],"collection":[{"href":"https:\/\/ej-group.com\/fr\/wp-json\/wp\/v2\/posts"}],"about":[{"href":"https:\/\/ej-group.com\/fr\/wp-json\/wp\/v2\/types\/post"}],"author":[{"embeddable":true,"href":"https:\/\/ej-group.com\/fr\/wp-json\/wp\/v2\/users\/2"}],"replies":[{"embeddable":true,"href":"https:\/\/ej-group.com\/fr\/wp-json\/wp\/v2\/comments?post=12041"}],"version-history":[{"count":0,"href":"https:\/\/ej-group.com\/fr\/wp-json\/wp\/v2\/posts\/12041\/revisions"}],"wp:featuredmedia":[{"embeddable":true,"href":"https:\/\/ej-group.com\/fr\/wp-json\/wp\/v2\/media\/12008"}],"wp:attachment":[{"href":"https:\/\/ej-group.com\/fr\/wp-json\/wp\/v2\/media?parent=12041"}],"wp:term":[{"taxonomy":"category","embeddable":true,"href":"https:\/\/ej-group.com\/fr\/wp-json\/wp\/v2\/categories?post=12041"},{"taxonomy":"post_tag","embeddable":true,"href":"https:\/\/ej-group.com\/fr\/wp-json\/wp\/v2\/tags?post=12041"}],"curies":[{"name":"wp","href":"https:\/\/api.w.org\/{rel}","templated":true}]}}