{"id":12839,"date":"2026-04-07T06:41:13","date_gmt":"2026-04-07T06:41:13","guid":{"rendered":"https:\/\/ej-group.com\/?p=12839"},"modified":"2026-04-20T10:00:25","modified_gmt":"2026-04-20T10:00:25","slug":"prakticno-znanje-proizvodnja-enterijer-jankovic","status":"publish","type":"post","link":"https:\/\/ej-group.com\/fr\/blog\/prakticno-znanje-proizvodnja-enterijer-jankovic\/","title":{"rendered":"Visite de la production d\u2019Enterijer Jankovi\u0107: Comment les lyc\u00e9ens professionnels apprennent par la pratique"},"content":{"rendered":"<div data-elementor-type=\"wp-post\" data-elementor-id=\"12839\" class=\"elementor elementor-12839\">\n\t\t\t\t<div class=\"elementor-element elementor-element-da52886 e-flex e-con-boxed e-con e-parent\" data-id=\"da52886\" data-element_type=\"container\" data-e-type=\"container\">\n\t\t\t\t\t<div class=\"e-con-inner\">\n\t\t \t\t<div class=\"elementor-element elementor-element-1f0f167 elementor-widget elementor-widget-text-editor\" data-id=\"1f0f167\" data-element_type=\"widget\" data-e-type=\"widget\" data-widget_type=\"text-editor.default\">\n\t\t\t\t<div class=\"elementor-widget-container\">\n\t\t\t\t\t\t\t\t\t<p>\u00c0 une \u00e9poque o\u00f9 l\u2019on parle de plus en plus de l\u2019importance des connaissances pratiques, chaque \u00e9cole technique qui permet \u00e0 ses \u00e9l\u00e8ves de d\u00e9couvrir un environnement de travail r\u00e9el constitue un grand progr\u00e8s.<\/p><p>Upravo takav primer dolazi iz saradnje kompanije Enterijer Jankovi\u0107 i srednje tehni\u010dke stru\u010dne \u0161kole \u201eDrvo-Art\u201c iz Beograda, gde su u\u010denici tre\u0107e godine smera tehni\u010dar za oblikovanje name\u0161taja i enterijera po prvi put imali priliku da vide savremene proizvodne procese u praksi, i steknu prakti\u010dno znanje izvan okvira \u0161kolske radionice.<\/p><p>L\u2019\u00e9cole technique Drvo-Art de Belgrade a ainsi permis que cette visite ne soit pas seulement une activit\u00e9 compl\u00e9mentaire, mais aussi un moment cl\u00e9 dans la compr\u00e9hension du futur m\u00e9tier de ses \u00e9l\u00e8ves. Ce qui, jusque-l\u00e0, existait sous forme de th\u00e9orie, de dessin ou de d\u00e9monstration de l\u2019enseignant, prend, au sein de l\u2019entreprise Enterijer Jankovi\u0107, une forme concr\u00e8te, avec le son, l\u2019odeur et la dynamique d\u2019un v\u00e9ritable processus de production.<\/p>\t\t\t\t\t\t\t\t<\/div>\n\t\t\t\t<\/div>\n\t\t\t\t<div class=\"elementor-element elementor-element-3302f85 elementor-widget elementor-widget-text-editor\" data-id=\"3302f85\" data-element_type=\"widget\" data-e-type=\"widget\" data-widget_type=\"text-editor.default\">\n\t\t\t\t<div class=\"elementor-widget-container\">\n\t\t\t\t\t\t\t\t\t<h2>Premier contact avec la production r\u00e9elle<\/h2><p>Contrairement au travail dans les conditions scolaires, o\u00f9 les processus se d\u00e9roulent sur un nombre limit\u00e9 de machines, les \u00e9l\u00e8ves ont pu, au sein de l\u2019entreprise Enterijer Jankovi\u0107, voir \u00e0 quoi ressemble une production \u00e0 pleine \u00e9chelle. Au lieu d\u2019op\u00e9rations individuelles, c\u2019est tout un syst\u00e8me qui s\u2019est ouvert devant eux : de la mati\u00e8re premi\u00e8re au produit final.<\/p><p>Ce qui rend cette visite particuli\u00e8rement significative, c\u2019est le fait que la production au sein de l\u2019entreprise Enterijer Jankovi\u0107 n\u2019est ni en s\u00e9rie ni uniforme. Chaque projet est diff\u00e9rent, qu\u2019il s\u2019agisse de l\u2019am\u00e9nagement d\u2019h\u00f4tels, d\u2019espaces publics ou de r\u00e9sidences priv\u00e9es. C\u2019est pr\u00e9cis\u00e9ment cette diversit\u00e9 qui conf\u00e8re une valeur suppl\u00e9mentaire \u00e0 cette exp\u00e9rience, car les \u00e9l\u00e8ves peuvent comprendre comment les connaissances s\u2019adaptent aux diff\u00e9rentes exigences du march\u00e9. La vision port\u00e9e par Bo\u017eo Jankovi\u0107, fondateur de l\u2019entreprise, se refl\u00e8te clairement dans cette approche:\u00a0<\/p>\t\t\t\t\t\t\t\t<\/div>\n\t\t\t\t<\/div>\n\t\t\t\t<div class=\"elementor-element elementor-element-ddb3c51 elementor-position-right elementor-vertical-align-middle elementor-position-top elementor-widget elementor-widget-image-box\" data-id=\"ddb3c51\" data-element_type=\"widget\" data-e-type=\"widget\" data-widget_type=\"image-box.default\">\n\t\t\t\t<div class=\"elementor-widget-container\">\n\t\t\t\t\t<div class=\"elementor-image-box-wrapper\"><figure class=\"elementor-image-box-img\"><img fetchpriority=\"high\" decoding=\"async\" width=\"1500\" height=\"1702\" src=\"https:\/\/ej-group.com\/wp-content\/uploads\/2025\/10\/Bozo-Jankovic-1.webp\" class=\"attachment-full size-full wp-image-10821\" alt=\"Vlasnik kompanije Enterijer Jankovic\" srcset=\"https:\/\/ej-group.com\/wp-content\/uploads\/2025\/10\/Bozo-Jankovic-1.webp 1500w, https:\/\/ej-group.com\/wp-content\/uploads\/2025\/10\/Bozo-Jankovic-1-264x300.webp 264w, https:\/\/ej-group.com\/wp-content\/uploads\/2025\/10\/Bozo-Jankovic-1-902x1024.webp 902w, https:\/\/ej-group.com\/wp-content\/uploads\/2025\/10\/Bozo-Jankovic-1-768x871.webp 768w, https:\/\/ej-group.com\/wp-content\/uploads\/2025\/10\/Bozo-Jankovic-1-1354x1536.webp 1354w, https:\/\/ej-group.com\/wp-content\/uploads\/2025\/10\/Bozo-Jankovic-1-441x500.webp 441w\" sizes=\"(max-width: 1500px) 100vw, 1500px\" \/><\/figure><div class=\"elementor-image-box-content\"><h3 class=\"elementor-image-box-title\"> ,,Spoj tehnologije i primene prakti\u010dnog znanja, uz stalno ulaganje u ljude i budu\u0107e kadrove.\u201d<\/h3><p class=\"elementor-image-box-description\"> Bo\u017eo Jankovi\u0107, propri\u00e9taire et pr\u00e9sident de l\u2019entreprise Enterijer Jankovi\u0107 (EJ Group)<\/p><\/div><\/div>\t\t\t\t<\/div>\n\t\t\t\t<\/div>\n\t\t\t\t<div class=\"elementor-element elementor-element-d9bed82 elementor-widget elementor-widget-text-editor\" data-id=\"d9bed82\" data-element_type=\"widget\" data-e-type=\"widget\" data-widget_type=\"text-editor.default\">\n\t\t\t\t<div class=\"elementor-widget-container\">\n\t\t\t\t\t\t\t\t\t<h2>Obilazak koji povezuje teorijsko i prakti\u010dno znanje<\/h2><p>La visite a \u00e9t\u00e9 soigneusement structur\u00e9e afin que les \u00e9l\u00e8ves puissent obtenir une vision compl\u00e8te du fonctionnement de l\u2019entreprise.\n\nLe programme a d\u00e9but\u00e9 par des pr\u00e9sentations introductives, au cours desquelles les repr\u00e9sentants de l\u2019entreprise ont expliqu\u00e9 aux \u00e9l\u00e8ves le fonctionnement de l\u2019organisation, les processus cl\u00e9s ainsi que le parcours d\u2019un projet, de l\u2019id\u00e9e \u00e0 sa r\u00e9alisation.<\/p><p>D\u00e8s cette premi\u00e8re partie, les \u00e9l\u00e8ves ont pu comprendre \u00e0 quel point la pr\u00e9paration avant la production elle-m\u00eame est essentielle. Il leur a \u00e9t\u00e9 expliqu\u00e9 comment sont r\u00e9alis\u00e9s les dessins techniques, comment la documentation est \u00e9labor\u00e9e et de quelle mani\u00e8re le processus de production est suivi. Ce segment est particuli\u00e8rement important pour les fili\u00e8res suivies dans l\u2019\u00e9cole technique, car il correspond directement aux connaissances que les \u00e9l\u00e8ves acqui\u00e8rent durant leur formation.<\/p><p>Apr\u00e8s cette introduction th\u00e9orique, a suivi la partie la plus attendue de tous : la visite de la production.<\/p>\t\t\t\t\t\t\t\t<\/div>\n\t\t\t\t<\/div>\n\t\t\t\t<div class=\"elementor-element elementor-element-68c792c elementor-widget elementor-widget-image\" data-id=\"68c792c\" data-element_type=\"widget\" data-e-type=\"widget\" data-widget_type=\"image.default\">\n\t\t\t\t<div class=\"elementor-widget-container\">\n\t\t\t\t\t\t\t\t\t\t\t\t\t\t\t<img decoding=\"async\" width=\"980\" height=\"653\" src=\"https:\/\/ej-group.com\/wp-content\/uploads\/2026\/04\/Drvo-Art-08-2026-03.webp\" class=\"attachment-large size-large wp-image-12844\" alt=\"prezentacija o bezbednosti na radu\" srcset=\"https:\/\/ej-group.com\/wp-content\/uploads\/2026\/04\/Drvo-Art-08-2026-03.webp 1200w, https:\/\/ej-group.com\/wp-content\/uploads\/2026\/04\/Drvo-Art-08-2026-03-300x200.webp 300w, https:\/\/ej-group.com\/wp-content\/uploads\/2026\/04\/Drvo-Art-08-2026-03-768x512.webp 768w, https:\/\/ej-group.com\/wp-content\/uploads\/2026\/04\/Drvo-Art-08-2026-03-18x12.webp 18w, https:\/\/ej-group.com\/wp-content\/uploads\/2026\/04\/Drvo-Art-08-2026-03-750x500.webp 750w\" sizes=\"(max-width: 980px) 100vw, 980px\" \/>\t\t\t\t\t\t\t\t\t\t\t\t\t\t\t<\/div>\n\t\t\t\t<\/div>\n\t\t\t\t<div class=\"elementor-element elementor-element-1d53ee8 elementor-widget elementor-widget-text-editor\" data-id=\"1d53ee8\" data-element_type=\"widget\" data-e-type=\"widget\" data-widget_type=\"text-editor.default\">\n\t\t\t\t<div class=\"elementor-widget-container\">\n\t\t\t\t\t\t\t\t\t<p style=\"text-align: center;\"><em>Pr\u00e9sentation des consignes de s\u00e9curit\u00e9 et distribution de gilets r\u00e9fl\u00e9chissants aux \u00e9l\u00e8ves et enseignants<\/em><\/p>\t\t\t\t\t\t\t\t<\/div>\n\t\t\t\t<\/div>\n\t\t\t\t<div class=\"elementor-element elementor-element-d9f813a elementor-widget elementor-widget-text-editor\" data-id=\"d9f813a\" data-element_type=\"widget\" data-e-type=\"widget\" data-widget_type=\"text-editor.default\">\n\t\t\t\t<div class=\"elementor-widget-container\">\n\t\t\t\t\t\t\t\t\t<h4>D\u00e9but du processus : traitement des mat\u00e9riaux et pr\u00e9paration<\/h4><p><br \/>Dans notre atelier de d\u00e9coupe, les \u00e9l\u00e8ves ont eu l\u2019occasion de voir comment les mat\u00e9riaux en panneaux sont travaill\u00e9s et pr\u00e9par\u00e9s pour la production ult\u00e9rieure. Ils ont \u00e9t\u00e9 particuli\u00e8rement int\u00e9ress\u00e9s par la mani\u00e8re dont la mati\u00e8re brute se transforme gr\u00e2ce \u00e0 un dimensionnement pr\u00e9cis et \u00e0 l\u2019usinage.<\/p><p>Ils ont ensuite d\u00e9couvert le travail du placage, o\u00f9 ils ont pu observer comment de fines couches de bois sont assembl\u00e9es en surfaces plus larges et pr\u00e9par\u00e9es pour une utilisation ult\u00e9rieure. Cette \u00e9tape du processus reste souvent abstraite en salle de classe, mais dans un environnement r\u00e9el, elle prend une toute nouvelle dimension.<\/p><p>Le travail du bois massif a \u00e9galement montr\u00e9 combien ce m\u00e9tier exige de pr\u00e9cision, depuis la d\u00e9coupe jusqu\u2019\u00e0 l\u2019assemblage et \u00e0 la mise en forme finale des \u00e9l\u00e9ments.<\/p>\t\t\t\t\t\t\t\t<\/div>\n\t\t\t\t<\/div>\n\t\t\t\t<div class=\"elementor-element elementor-element-66fed56 elementor-widget elementor-widget-text-editor\" data-id=\"66fed56\" data-element_type=\"widget\" data-e-type=\"widget\" data-widget_type=\"text-editor.default\">\n\t\t\t\t<div class=\"elementor-widget-container\">\n\t\t\t\t\t\t\t\t\t<h4>La technologie au service de la pr\u00e9cision : CNC et usinage<\/h4><p class=\"translation-block\"><br>Jedan od segmenata koji je izazvao posebno interesovanje jeste rad CNC ma\u0161ine. U ovom delu proizvodnje u\u010denici su mogli da vide kako <span style=\"text-decoration: underline;\"><a href=\"https:\/\/ej-group.com\/fr\/premiere-industrie-4-0-de-la-region\/\" target=\"_blank\" rel=\"noopener\">savremena tehnologija industrije 4.0 <\/a><\/span>omogu\u0107ava izuzetnu preciznost u obradi drveta.<\/p><p>Pour les \u00e9l\u00e8ves de l\u2019\u00e9cole Drvo-Art, il s\u2019agissait d\u2019un contact direct avec des outils qu\u2019ils \u00e9tudient en cours. Ils ont pu voir comment les programmes sont utilis\u00e9s en pratique, comment des formes complexes sont r\u00e9alis\u00e9es, mais aussi comment les \u00e9l\u00e9ments sont v\u00e9rifi\u00e9s avant de poursuivre leur parcours dans le processus.<\/p><p>Leur participation active s\u2019est manifest\u00e9e par de nombreuses questions adress\u00e9es \u00e0 nos experts \u2014 des logiciels utilis\u00e9s pour l\u2019usinage CNC, au choix des mat\u00e9riaux, jusqu\u2019aux m\u00e9thodes d\u2019assemblage et au fonctionnement de l\u2019ensemble des \u00e9l\u00e9ments. \n\nL\u2019atelier de production leur a \u00e9galement permis de mieux comprendre l\u2019importance du contr\u00f4le qualit\u00e9, puisqu\u2019ils ont pu observer comment les \u00e9l\u00e9ments sont assembl\u00e9s provisoirement afin de v\u00e9rifier leur pr\u00e9cision. Cette \u00e9tape montre clairement combien il est essentiel que chaque partie du processus soit r\u00e9alis\u00e9e avec exactitude.<\/p>\t\t\t\t\t\t\t\t<\/div>\n\t\t\t\t<\/div>\n\t\t\t\t<div class=\"elementor-element elementor-element-1b99618 elementor-widget elementor-widget-image\" data-id=\"1b99618\" data-element_type=\"widget\" data-e-type=\"widget\" data-widget_type=\"image.default\">\n\t\t\t\t<div class=\"elementor-widget-container\">\n\t\t\t\t\t\t\t\t\t\t\t\t\t\t\t<img decoding=\"async\" width=\"980\" height=\"653\" src=\"https:\/\/ej-group.com\/wp-content\/uploads\/2026\/04\/CNC-odeljenje.webp\" class=\"attachment-large size-large wp-image-12847\" alt=\"prakti\u010dno znanje kroz obilazak CNC ma\u0161ina\" srcset=\"https:\/\/ej-group.com\/wp-content\/uploads\/2026\/04\/CNC-odeljenje.webp 1200w, https:\/\/ej-group.com\/wp-content\/uploads\/2026\/04\/CNC-odeljenje-300x200.webp 300w, https:\/\/ej-group.com\/wp-content\/uploads\/2026\/04\/CNC-odeljenje-768x512.webp 768w, https:\/\/ej-group.com\/wp-content\/uploads\/2026\/04\/CNC-odeljenje-18x12.webp 18w, https:\/\/ej-group.com\/wp-content\/uploads\/2026\/04\/CNC-odeljenje-750x500.webp 750w\" sizes=\"(max-width: 980px) 100vw, 980px\" \/>\t\t\t\t\t\t\t\t\t\t\t\t\t\t\t<\/div>\n\t\t\t\t<\/div>\n\t\t\t\t<div class=\"elementor-element elementor-element-267a2db elementor-widget elementor-widget-text-editor\" data-id=\"267a2db\" data-element_type=\"widget\" data-e-type=\"widget\" data-widget_type=\"text-editor.default\">\n\t\t\t\t<div class=\"elementor-widget-container\">\n\t\t\t\t\t\t\t\t\t<p style=\"text-align: center;\"><em>Visite de l\u2019atelier de production et premi\u00e8re d\u00e9couverte des machines CNC modernes<\/em><\/p>\t\t\t\t\t\t\t\t<\/div>\n\t\t\t\t<\/div>\n\t\t\t\t<div class=\"elementor-element elementor-element-8aeecd1 elementor-widget elementor-widget-text-editor\" data-id=\"8aeecd1\" data-element_type=\"widget\" data-e-type=\"widget\" data-widget_type=\"text-editor.default\">\n\t\t\t\t<div class=\"elementor-widget-container\">\n\t\t\t\t\t\t\t\t\t<h4>Finition : l\u00e0 o\u00f9 le produit acquiert son caract\u00e8re<\/h4><p><br \/>Apr\u00e8s l\u2019usinage, les \u00e9l\u00e8ves ont visit\u00e9 l\u2019atelier de vernissage et se sont familiaris\u00e9s avec une \u00e9tape de la production essentielle pour l\u2019aspect final du produit. Ils ont pu y observer comment les couleurs sont pr\u00e9par\u00e9es, comment diff\u00e9rents effets sont obtenus et combien de d\u00e9tails influencent le r\u00e9sultat final.<\/p><p>La combinaison du travail manuel et de l\u2019automatisation s\u2019est particuli\u00e8rement illustr\u00e9e, car les \u00e9l\u00e8ves ont eu l\u2019occasion de voir \u00e9galement des syst\u00e8mes modernes d\u2019application des rev\u00eatements. C\u2019est pr\u00e9cis\u00e9ment \u00e0 ce stade que le produit acquiert son identit\u00e9, depuis le choix de la teinte jusqu\u2019au niveau de brillance.\n\nPour de nombreux \u00e9l\u00e8ves, cette partie a repr\u00e9sent\u00e9 une exp\u00e9rience totalement nouvelle, car dans le cadre scolaire, ils ont rarement l\u2019occasion d\u2019observer un processus aussi complexe.<\/p>\t\t\t\t\t\t\t\t<\/div>\n\t\t\t\t<\/div>\n\t\t\t\t<div class=\"elementor-element elementor-element-6e0281a elementor-widget elementor-widget-text-editor\" data-id=\"6e0281a\" data-element_type=\"widget\" data-e-type=\"widget\" data-widget_type=\"text-editor.default\">\n\t\t\t\t<div class=\"elementor-widget-container\">\n\t\t\t\t\t\t\t\t\t<h4>\u00c9tape finale : montage et emballage<\/h4><p><br \/>Lorsque tous les \u00e9l\u00e9ments ont \u00e9t\u00e9 usin\u00e9s et finalis\u00e9s, l\u2019\u00e9tape suivante a \u00e9t\u00e9 le montage. Dans cette partie de la production, les \u00e9l\u00e8ves ont pu voir comment les diff\u00e9rents \u00e9l\u00e9ments sont assembl\u00e9s pour former un ensemble et pr\u00e9par\u00e9s pour la livraison.<\/p><p>Ce segment vient compl\u00e9ter l\u2019ensemble du processus et aide les \u00e9l\u00e8ves \u00e0 comprendre comment chaque \u00e9tape pr\u00e9c\u00e9dente influence le produit final. C\u2019est pr\u00e9cis\u00e9ment ici qu\u2019il devient \u00e9vident \u00e0 quel point chaque partie du processus est importante et combien tous les secteurs de la production chez Enterijer Jankovi\u0107 sont \u00e9troitement interconnect\u00e9s.<\/p>\t\t\t\t\t\t\t\t<\/div>\n\t\t\t\t<\/div>\n\t\t\t\t<div class=\"elementor-element elementor-element-adb827c elementor-widget elementor-widget-text-editor\" data-id=\"adb827c\" data-element_type=\"widget\" data-e-type=\"widget\" data-widget_type=\"text-editor.default\">\n\t\t\t\t<div class=\"elementor-widget-container\">\n\t\t\t\t\t\t\t\t\t<h2>L\u2019EJ Showroom - un lieu o\u00f9 na\u00eet l\u2019inspiration<\/h2><p>Apr\u00e8s la visite de la production, les \u00e9l\u00e8ves ont visit\u00e9 l\u2019EJ Showroom situ\u00e9 dans le b\u00e2timent administratif d\u2019Enterijer Jankovi\u0107, o\u00f9 ils ont pu voir les produits finis dans leur forme finale. Pour beaucoup, cela a \u00e9t\u00e9 la partie la plus impressionnante de la visite, car ils ont pu relier tout ce qu\u2019ils avaient vu auparavant au r\u00e9sultat final.<\/p><p>\u00c0 ce moment-l\u00e0, la production n\u2019\u00e9tait plus une s\u00e9rie d\u2019\u00e9tapes d\u00e9connect\u00e9es, mais un processus clair et logique menant \u00e0 des r\u00e9sultats concrets et visibles qui suscitent l\u2019admiration.<\/p>\t\t\t\t\t\t\t\t<\/div>\n\t\t\t\t<\/div>\n\t\t\t\t<div class=\"elementor-element elementor-element-34e91b4 elementor-widget elementor-widget-image\" data-id=\"34e91b4\" data-element_type=\"widget\" data-e-type=\"widget\" data-widget_type=\"image.default\">\n\t\t\t\t<div class=\"elementor-widget-container\">\n\t\t\t\t\t\t\t\t\t\t\t\t\t\t\t<img loading=\"lazy\" decoding=\"async\" width=\"980\" height=\"653\" src=\"https:\/\/ej-group.com\/wp-content\/uploads\/2026\/04\/Drvo-Art-26-2026-03.webp\" class=\"attachment-large size-large wp-image-12848\" alt=\"\" srcset=\"https:\/\/ej-group.com\/wp-content\/uploads\/2026\/04\/Drvo-Art-26-2026-03.webp 1200w, https:\/\/ej-group.com\/wp-content\/uploads\/2026\/04\/Drvo-Art-26-2026-03-300x200.webp 300w, https:\/\/ej-group.com\/wp-content\/uploads\/2026\/04\/Drvo-Art-26-2026-03-768x512.webp 768w, https:\/\/ej-group.com\/wp-content\/uploads\/2026\/04\/Drvo-Art-26-2026-03-18x12.webp 18w, https:\/\/ej-group.com\/wp-content\/uploads\/2026\/04\/Drvo-Art-26-2026-03-750x500.webp 750w\" sizes=\"(max-width: 980px) 100vw, 980px\" \/>\t\t\t\t\t\t\t\t\t\t\t\t\t\t\t<\/div>\n\t\t\t\t<\/div>\n\t\t\t\t<div class=\"elementor-element elementor-element-40b923d elementor-widget elementor-widget-text-editor\" data-id=\"40b923d\" data-element_type=\"widget\" data-e-type=\"widget\" data-widget_type=\"text-editor.default\">\n\t\t\t\t<div class=\"elementor-widget-container\">\n\t\t\t\t\t\t\t\t\t<p style=\"text-align: center;\"><em>Les \u00e9l\u00e8ves et enseignants de l\u2019\u00e9cole technique \u00ab Drvo-Art \u00bb de Belgrade en visite dans le showroom d\u2019Enterijer Jankovi\u0107<\/em><\/p>\t\t\t\t\t\t\t\t<\/div>\n\t\t\t\t<\/div>\n\t\t\t\t<div class=\"elementor-element elementor-element-9a3e713 elementor-widget elementor-widget-text-editor\" data-id=\"9a3e713\" data-element_type=\"widget\" data-e-type=\"widget\" data-widget_type=\"text-editor.default\">\n\t\t\t\t<div class=\"elementor-widget-container\">\n\t\t\t\t\t\t\t\t\t<h2>Plus qu\u2019une simple visite : investir dans les futurs talents de l\u2019entreprise Enterijer Jankovi\u0107<\/h2><p>\u00c0 travers ce type de visites, notre entreprise n\u2019ouvre pas seulement les portes de sa production, mais participe activement \u00e0 la formation des futurs professionnels. C\u2019est pr\u00e9cis\u00e9ment cette approche, \u00e9galement promue par Bo\u017eo Jankovi\u0107, propri\u00e9taire d\u2019Enterijer Jankovi\u0107, qui contribue au d\u00e9veloppement du secteur et \u00e0 la cr\u00e9ation de nouvelles opportunit\u00e9s pour les jeunes.<\/p><p>L\u2019exp\u00e9rience des \u00e9l\u00e8ves de l\u2019\u00e9cole \u00ab Drvo-Art \u00bb montre \u00e0 quel point ce type de collaboration motive les jeunes dans le domaine de l\u2019am\u00e9nagement int\u00e9rieur. Pour l\u2019entreprise Enterijer Jankovi\u0107, c\u2019est aussi une occasion de rencontrer les nouvelles g\u00e9n\u00e9rations, de leur pr\u00e9senter son mode de fonctionnement et de les inspirer \u00e0 envisager leur avenir au sein de notre entreprise.\u00a0<\/p>\t\t\t\t\t\t\t\t<\/div>\n\t\t\t\t<\/div>\n\t\t\t\t<div class=\"elementor-element elementor-element-82688b0 elementor-widget elementor-widget-text-editor\" data-id=\"82688b0\" data-element_type=\"widget\" data-e-type=\"widget\" data-widget_type=\"text-editor.default\">\n\t\t\t\t<div class=\"elementor-widget-container\">\n\t\t\t\t\t\t\t\t\t<h4>Un appel aux nouvelles g\u00e9n\u00e9rations<\/h4><p><br \/>Jeunes futurs professionnels, si vous souhaitez appliquer vos connaissances techniques \u00e0 des projets r\u00e9els, comprendre le fonctionnement des machines CNC, du travail du bois et du montage final, nous vous invitons \u00e0 venir, avec vos enseignants, d\u00e9couvrir la production de premi\u00e8re main.\u00a0<\/p><p>C\u2019est une occasion d\u2019apprendre directement aupr\u00e8s de professionnels exp\u00e9riment\u00e9s, de poser des questions et de vous inspirer pour votre future carri\u00e8re.<\/p>\t\t\t\t\t\t\t\t<\/div>\n\t\t\t\t<\/div>\n\t\t\t\t\t<\/div>\n\t\t\t\t<\/div>\n\t\t\t\t<\/div>","protected":false},"excerpt":{"rendered":"<p>U vremenu kada se sve vi\u0161e govori o va\u017enosti prakti\u010dnog znanja, svaka tehni\u010dka \u0161kola koja svojim u\u010denicima omogu\u0107i susret sa realnim radnim okru\u017eenjem pravi veliki iskorak. Upravo takav primer dolazi iz saradnje kompanije Enterijer Jankovi\u0107 i srednje tehni\u010dke stru\u010dne \u0161kole \u201eDrvo-Art\u201c iz Beograda, gde su u\u010denici tre\u0107e godine smera tehni\u010dar za oblikovanje name\u0161taja i enterijera [&hellip;]<\/p>\n","protected":false},"author":4,"featured_media":12845,"comment_status":"closed","ping_status":"open","sticky":false,"template":"","format":"standard","meta":{"footnotes":""},"categories":[49],"tags":[],"class_list":["post-12839","post","type-post","status-publish","format-standard","has-post-thumbnail","hentry","category-ej-proizvodnja"],"_links":{"self":[{"href":"https:\/\/ej-group.com\/fr\/wp-json\/wp\/v2\/posts\/12839","targetHints":{"allow":["GET"]}}],"collection":[{"href":"https:\/\/ej-group.com\/fr\/wp-json\/wp\/v2\/posts"}],"about":[{"href":"https:\/\/ej-group.com\/fr\/wp-json\/wp\/v2\/types\/post"}],"author":[{"embeddable":true,"href":"https:\/\/ej-group.com\/fr\/wp-json\/wp\/v2\/users\/4"}],"replies":[{"embeddable":true,"href":"https:\/\/ej-group.com\/fr\/wp-json\/wp\/v2\/comments?post=12839"}],"version-history":[{"count":0,"href":"https:\/\/ej-group.com\/fr\/wp-json\/wp\/v2\/posts\/12839\/revisions"}],"wp:featuredmedia":[{"embeddable":true,"href":"https:\/\/ej-group.com\/fr\/wp-json\/wp\/v2\/media\/12845"}],"wp:attachment":[{"href":"https:\/\/ej-group.com\/fr\/wp-json\/wp\/v2\/media?parent=12839"}],"wp:term":[{"taxonomy":"category","embeddable":true,"href":"https:\/\/ej-group.com\/fr\/wp-json\/wp\/v2\/categories?post=12839"},{"taxonomy":"post_tag","embeddable":true,"href":"https:\/\/ej-group.com\/fr\/wp-json\/wp\/v2\/tags?post=12839"}],"curies":[{"name":"wp","href":"https:\/\/api.w.org\/{rel}","templated":true}]}}